{"id":1486,"date":"2020-07-21T21:30:55","date_gmt":"2020-07-21T21:30:55","guid":{"rendered":"https:\/\/genero-y-trabajo-infantil.iniciativa2025alc.org\/?p=1486"},"modified":"2022-01-22T00:38:51","modified_gmt":"2022-01-22T00:38:51","slug":"indicadores-de-genero-para-el-seguimiento-y-la-evaluacion-del-programa-de-accion-regional-para-las-mujeres-de-america-latina-y-el-caribe-1995-2001-y-la-plataforma-de-accion-de-beijing","status":"publish","type":"post","link":"https:\/\/genero-y-trabajo-infantil.iniciativa2025alc.org\/en\/indicadores-de-genero-para-el-seguimiento-y-la-evaluacion-del-programa-de-accion-regional-para-las-mujeres-de-america-latina-y-el-caribe-1995-2001-y-la-plataforma-de-accion-de-beijing\/","title":{"rendered":"Indicadores de g\u00e9nero para el seguimiento y la evaluaci\u00f3n del programa de acci\u00f3n regional para las mujeres de Am\u00e9rica Latina y el Caribe, 1995- 2001 y la Plataforma de Acci\u00f3n de Beijing"},"content":{"rendered":"","protected":false},"excerpt":{"rendered":"","protected":false},"author":1,"featured_media":1217,"comment_status":"open","ping_status":"open","sticky":false,"template":"","format":"standard","meta":[],"categories":[1],"tags":[],"tipo_de_recurso_c":[98,117],"temas_c":[114],"ano_c":[105],"pais___region":[103],"tipo_de_org_c":[126],"acf":[],"_links":{"self":[{"href":"https:\/\/genero-y-trabajo-infantil.iniciativa2025alc.org\/en\/wp-json\/wp\/v2\/posts\/1486"}],"collection":[{"href":"https:\/\/genero-y-trabajo-infantil.iniciativa2025alc.org\/en\/wp-json\/wp\/v2\/posts"}],"about":[{"href":"https:\/\/genero-y-trabajo-infantil.iniciativa2025alc.org\/en\/wp-json\/wp\/v2\/types\/post"}],"author":[{"embeddable":true,"href":"https:\/\/genero-y-trabajo-infantil.iniciativa2025alc.org\/en\/wp-json\/wp\/v2\/users\/1"}],"replies":[{"embeddable":true,"href":"https:\/\/genero-y-trabajo-infantil.iniciativa2025alc.org\/en\/wp-json\/wp\/v2\/comments?post=1486"}],"version-history":[{"count":6,"href":"https:\/\/genero-y-trabajo-infantil.iniciativa2025alc.org\/en\/wp-json\/wp\/v2\/posts\/1486\/revisions"}],"predecessor-version":[{"id":4873,"href":"https:\/\/genero-y-trabajo-infantil.iniciativa2025alc.org\/en\/wp-json\/wp\/v2\/posts\/1486\/revisions\/4873"}],"wp:featuredmedia":[{"embeddable":true,"href":"https:\/\/genero-y-trabajo-infantil.iniciativa2025alc.org\/en\/wp-json\/wp\/v2\/media\/1217"}],"wp:attachment":[{"href":"https:\/\/genero-y-trabajo-infantil.iniciativa2025alc.org\/en\/wp-json\/wp\/v2\/media?parent=1486"}],"wp:term":[{"taxonomy":"category","embeddable":true,"href":"https:\/\/genero-y-trabajo-infantil.iniciativa2025alc.org\/en\/wp-json\/wp\/v2\/categories?post=1486"},{"taxonomy":"post_tag","embeddable":true,"href":"https:\/\/genero-y-trabajo-infantil.iniciativa2025alc.org\/en\/wp-json\/wp\/v2\/tags?post=1486"},{"taxonomy":"tipo_de_recurso_c","embeddable":true,"href":"https:\/\/genero-y-trabajo-infantil.iniciativa2025alc.org\/en\/wp-json\/wp\/v2\/tipo_de_recurso_c?post=1486"},{"taxonomy":"temas_c","embeddable":true,"href":"https:\/\/genero-y-trabajo-infantil.iniciativa2025alc.org\/en\/wp-json\/wp\/v2\/temas_c?post=1486"},{"taxonomy":"ano_c","embeddable":true,"href":"https:\/\/genero-y-trabajo-infantil.iniciativa2025alc.org\/en\/wp-json\/wp\/v2\/ano_c?post=1486"},{"taxonomy":"pais___region","embeddable":true,"href":"https:\/\/genero-y-trabajo-infantil.iniciativa2025alc.org\/en\/wp-json\/wp\/v2\/pais___region?post=1486"},{"taxonomy":"tipo_de_org_c","embeddable":true,"href":"https:\/\/genero-y-trabajo-infantil.iniciativa2025alc.org\/en\/wp-json\/wp\/v2\/tipo_de_org_c?post=1486"}],"curies":[{"name":"wp","href":"https:\/\/api.w.org\/{rel}","templated":true}]}}