{"id":5040,"date":"2022-05-04T17:32:18","date_gmt":"2022-05-04T17:32:18","guid":{"rendered":"https:\/\/genero-y-trabajo-infantil.iniciativa2025alc.org\/?p=5040"},"modified":"2022-05-04T17:33:17","modified_gmt":"2022-05-04T17:33:17","slug":"guia-de-los-derechos-de-la-mujer-indigena-bajo-la-convencion-internacional-sobre-la-eliminacion-de-todas-las-formas-de-discriminacion-contra-la-mujer","status":"publish","type":"post","link":"https:\/\/genero-y-trabajo-infantil.iniciativa2025alc.org\/en\/guia-de-los-derechos-de-la-mujer-indigena-bajo-la-convencion-internacional-sobre-la-eliminacion-de-todas-las-formas-de-discriminacion-contra-la-mujer\/","title":{"rendered":"Gu\u00eda de los Derechos de la Mujer Ind\u00edgena bajo la Convenci\u00f3n Internacional sobre la Eliminaci\u00f3n de Todas las Formas de Discriminaci\u00f3n contra la Mujer"},"content":{"rendered":"","protected":false},"excerpt":{"rendered":"","protected":false},"author":1,"featured_media":742,"comment_status":"open","ping_status":"open","sticky":false,"template":"","format":"standard","meta":[],"categories":[1],"tags":[],"tipo_de_recurso_c":[119],"temas_c":[113],"ano_c":[106],"pais___region":[101],"tipo_de_org_c":[125],"acf":[],"_links":{"self":[{"href":"https:\/\/genero-y-trabajo-infantil.iniciativa2025alc.org\/en\/wp-json\/wp\/v2\/posts\/5040"}],"collection":[{"href":"https:\/\/genero-y-trabajo-infantil.iniciativa2025alc.org\/en\/wp-json\/wp\/v2\/posts"}],"about":[{"href":"https:\/\/genero-y-trabajo-infantil.iniciativa2025alc.org\/en\/wp-json\/wp\/v2\/types\/post"}],"author":[{"embeddable":true,"href":"https:\/\/genero-y-trabajo-infantil.iniciativa2025alc.org\/en\/wp-json\/wp\/v2\/users\/1"}],"replies":[{"embeddable":true,"href":"https:\/\/genero-y-trabajo-infantil.iniciativa2025alc.org\/en\/wp-json\/wp\/v2\/comments?post=5040"}],"version-history":[{"count":3,"href":"https:\/\/genero-y-trabajo-infantil.iniciativa2025alc.org\/en\/wp-json\/wp\/v2\/posts\/5040\/revisions"}],"predecessor-version":[{"id":5043,"href":"https:\/\/genero-y-trabajo-infantil.iniciativa2025alc.org\/en\/wp-json\/wp\/v2\/posts\/5040\/revisions\/5043"}],"wp:featuredmedia":[{"embeddable":true,"href":"https:\/\/genero-y-trabajo-infantil.iniciativa2025alc.org\/en\/wp-json\/wp\/v2\/media\/742"}],"wp:attachment":[{"href":"https:\/\/genero-y-trabajo-infantil.iniciativa2025alc.org\/en\/wp-json\/wp\/v2\/media?parent=5040"}],"wp:term":[{"taxonomy":"category","embeddable":true,"href":"https:\/\/genero-y-trabajo-infantil.iniciativa2025alc.org\/en\/wp-json\/wp\/v2\/categories?post=5040"},{"taxonomy":"post_tag","embeddable":true,"href":"https:\/\/genero-y-trabajo-infantil.iniciativa2025alc.org\/en\/wp-json\/wp\/v2\/tags?post=5040"},{"taxonomy":"tipo_de_recurso_c","embeddable":true,"href":"https:\/\/genero-y-trabajo-infantil.iniciativa2025alc.org\/en\/wp-json\/wp\/v2\/tipo_de_recurso_c?post=5040"},{"taxonomy":"temas_c","embeddable":true,"href":"https:\/\/genero-y-trabajo-infantil.iniciativa2025alc.org\/en\/wp-json\/wp\/v2\/temas_c?post=5040"},{"taxonomy":"ano_c","embeddable":true,"href":"https:\/\/genero-y-trabajo-infantil.iniciativa2025alc.org\/en\/wp-json\/wp\/v2\/ano_c?post=5040"},{"taxonomy":"pais___region","embeddable":true,"href":"https:\/\/genero-y-trabajo-infantil.iniciativa2025alc.org\/en\/wp-json\/wp\/v2\/pais___region?post=5040"},{"taxonomy":"tipo_de_org_c","embeddable":true,"href":"https:\/\/genero-y-trabajo-infantil.iniciativa2025alc.org\/en\/wp-json\/wp\/v2\/tipo_de_org_c?post=5040"}],"curies":[{"name":"wp","href":"https:\/\/api.w.org\/{rel}","templated":true}]}}